{"id":1002,"date":"2025-12-05T08:47:45","date_gmt":"2025-12-05T07:47:45","guid":{"rendered":"https:\/\/terrasses.net\/?p=1002"},"modified":"2026-03-10T22:33:52","modified_gmt":"2026-03-10T21:33:52","slug":"la-partie-immergee-de-liceberg-eloge-du-gps-algerien-de-ammar-khodja-lamine-en-librairie-le-15-12-2025","status":"publish","type":"post","link":"https:\/\/terrasses.net\/index.php\/2025\/12\/05\/la-partie-immergee-de-liceberg-eloge-du-gps-algerien-de-ammar-khodja-lamine-en-librairie-le-15-12-2025\/","title":{"rendered":"La partie immerg\u00e9e de l&#8217;iceberg de AMMAR-KHODJA Lamine &#8212; en librairie"},"content":{"rendered":"<h2 style=\"text-align: center;\">La partie immerg\u00e9e de l&#8217;iceberg, \u00c9loge du GPS alg\u00e9rien de AMMAR-KHODJA Lamine<\/h2>\n<p>&nbsp;<\/p>\n<p>&nbsp;<\/p>\n<p><span class=\"gmail_default\"><span style=\"font-family: verdana, sans-serif; font-size: large;\">Une phrase qui tournoie dans la t\u00eate de Lamine Ammar-khodja ouvre cet essai. Une interrogation lue dans un journal fran\u00e7ais : &#8220;Pourquoi est-il devenu impossible de comprendre l&#8217;Alg\u00e9rie?&#8221;<\/span><\/span><\/p>\n<p><span style=\"font-family: verdana, sans-serif; font-size: large;\"><span class=\"gmail_default\">En la prenant comme point de d\u00e9part, il convoque la litt\u00e9rature alg\u00e9rienne \u00e0 partir des fondateurs, <\/span><span class=\"gmail_default\">Assia Djebar, Kateb Yacine, Mohammed Dib mais aussi ceux qui ont suivi, <\/span><\/span><span style=\"font-family: verdana, sans-serif; font-size: large;\"><span class=\"gmail_default\">pour nous rappeler leurs parcours, et les questions auxquelles ils ont \u00e9t\u00e9 confront\u00e9s, notamment par rapport<\/span><\/span><span style=\"font-family: verdana, sans-serif; font-size: large;\"><span class=\"gmail_default\"> aux probl\u00e8mes de langue et d&#8217;identit\u00e9. P<\/span><\/span>our exister, <span class=\"gmail_default\"><span style=\"font-size: large;\">c<\/span><\/span><span class=\"gmail_default\">es auteurs devaient passer par le syst\u00e8me \u00e9ditorial fran\u00e7ais, non seulement avant mais aussi apr\u00e8s l&#8217;ind\u00e9pend<\/span><span style=\"font-size: large;\"><span class=\"gmail_default\">ance. <\/span>Avec tout le pass\u00e9 colonial que l&#8217;on connait,<span class=\"gmail_default\"> le statut de<\/span><span class=\"gmail_default\"> l&#8217;\u00e9crivain alg\u00e9rien en France, reste encore <\/span><\/span>aujourd&#8217;hui <span style=\"font-size: large;\"><span class=\"gmail_default\">un impens\u00e9 majeur, et un excellent r\u00e9v\u00e9lateur de l&#8217;\u00e9tat de sant\u00e9 morale de la politique fran\u00e7aise. <\/span><span class=\"gmail_default\">D&#8217;autant plus que depuis 2015 et les attentats de Paris (ce n&#8217;est pas un hasard), les disco<\/span><\/span><span class=\"gmail_default\">urs socio-politiques autour de l&#8217;Alg\u00e9rie sont monopolis\u00e9s par d<\/span><span style=\"font-size: large;\"><span class=\"gmail_default\">eux \u00e9crivains : <\/span>Boualem S<span class=\"gmail_default\">a<\/span>nsal et Kamel Daoud<span class=\"gmail_default\">. U<\/span><span class=\"gmail_default\">ne question se pose alors <\/span><span class=\"gmail_default\">: &#8220;<\/span><span class=\"gmail_default\">P<\/span>ourquoi sommes-nous l\u02bcun des rares, peut-e\u0302tre le seul pays arabe, a\u0300 fabriquer des e\u0301crivains qui font la une des journaux de l\u02bcextre\u0302me droite franc\u0327aise ?<span class=\"gmail_default\">&#8221; <\/span><\/span><\/p>\n<p><span class=\"gmail_default\"><span style=\"font-family: verdana, sans-serif; font-size: large;\">De par son parcours entre les deux pays, Lamine Ammar-Khodja a \u00e9t\u00e9 t\u00e9moin de la terreur qui s&#8217;est install\u00e9e, d&#8217;abord dans les ann\u00e9es 1990 en Alg\u00e9rie, puis dans les ann\u00e9es 2010 en France, mais aussi des glissements de sens et des ruptures dans les positionnements entre individuel et collectif qui n&#8217;ont fait qu&#8217;aggraver les malentendus. Dans ce texte essentiel, il en fait<\/span><\/span><span style=\"font-size: large;\"> une analyse brillante, pour comprendre ce qui se joue<span class=\"gmail_default\">, peut-\u00eatre <\/span><\/span>aujourd&#8217;hui <span class=\"gmail_default\">plus que jamais,<\/span> d<span class=\"gmail_default\">e<\/span> &#8220;la question alg\u00e9rienne&#8221; en France.<\/p>\n<p>pr\u00e9face par Todd Shepard<\/p>\n<p>En co-\u00e9dition avec <a href=\"https:\/\/editionsmotifs.com\/\">les \u00c9ditions Motifs\u00a0<\/a><\/p>\n<p><b>prix 10 euros<\/b><\/p>\n<p>forrmat 13 x 20<\/p>\n<p><b>ISBN 9782490887194<\/b><\/p>\n<p><iframe id=\"haWidget\" style=\"width: 100%; height: 70px; border: none;\" src=\"https:\/\/www.helloasso.com\/associations\/terrasses-editions\/boutiques\/editions-terrasses\/widget-bouton\"><\/iframe><\/p>\n","protected":false},"excerpt":{"rendered":"<p>La partie immerg\u00e9e de l&#8217;iceberg, \u00c9loge du GPS alg\u00e9rien de AMMAR-KHODJA Lamine &nbsp; &nbsp; Une phrase qui tournoie dans la t\u00eate de Lamine Ammar-khodja ouvre cet essai. Une interrogation lue dans un journal fran\u00e7ais : &#8220;Pourquoi est-il devenu impossible de comprendre l&#8217;Alg\u00e9rie?&#8221; En la prenant comme point de d\u00e9part, il convoque la litt\u00e9rature alg\u00e9rienne \u00e0 [&hellip;]<\/p>\n","protected":false},"author":1,"featured_media":1003,"comment_status":"open","ping_status":"open","sticky":false,"template":"","format":"standard","meta":{"_mi_skip_tracking":false,"_monsterinsights_sitenote_active":false,"_monsterinsights_sitenote_note":"","_monsterinsights_sitenote_category":0,"footnotes":""},"categories":[20],"tags":[],"class_list":["post-1002","post","type-post","status-publish","format-standard","has-post-thumbnail","hentry","category-essais-publi"],"_links":{"self":[{"href":"https:\/\/terrasses.net\/index.php\/wp-json\/wp\/v2\/posts\/1002","targetHints":{"allow":["GET"]}}],"collection":[{"href":"https:\/\/terrasses.net\/index.php\/wp-json\/wp\/v2\/posts"}],"about":[{"href":"https:\/\/terrasses.net\/index.php\/wp-json\/wp\/v2\/types\/post"}],"author":[{"embeddable":true,"href":"https:\/\/terrasses.net\/index.php\/wp-json\/wp\/v2\/users\/1"}],"replies":[{"embeddable":true,"href":"https:\/\/terrasses.net\/index.php\/wp-json\/wp\/v2\/comments?post=1002"}],"version-history":[{"count":7,"href":"https:\/\/terrasses.net\/index.php\/wp-json\/wp\/v2\/posts\/1002\/revisions"}],"predecessor-version":[{"id":1059,"href":"https:\/\/terrasses.net\/index.php\/wp-json\/wp\/v2\/posts\/1002\/revisions\/1059"}],"wp:featuredmedia":[{"embeddable":true,"href":"https:\/\/terrasses.net\/index.php\/wp-json\/wp\/v2\/media\/1003"}],"wp:attachment":[{"href":"https:\/\/terrasses.net\/index.php\/wp-json\/wp\/v2\/media?parent=1002"}],"wp:term":[{"taxonomy":"category","embeddable":true,"href":"https:\/\/terrasses.net\/index.php\/wp-json\/wp\/v2\/categories?post=1002"},{"taxonomy":"post_tag","embeddable":true,"href":"https:\/\/terrasses.net\/index.php\/wp-json\/wp\/v2\/tags?post=1002"}],"curies":[{"name":"wp","href":"https:\/\/api.w.org\/{rel}","templated":true}]}}