{"id":201,"date":"2017-06-21T08:36:01","date_gmt":"2017-06-21T06:36:01","guid":{"rendered":"http:\/\/terrasses.net\/?p=201"},"modified":"2025-12-07T11:33:21","modified_gmt":"2025-12-07T10:33:21","slug":"anna-greki","status":"publish","type":"post","link":"https:\/\/terrasses.net\/index.php\/2017\/06\/21\/anna-greki\/","title":{"rendered":"Anna Gr\u00e9ki"},"content":{"rendered":"\r\n<p>Anna Gr\u00e9ki, de son vrai nom Colette Gr\u00e9goire est une po\u00e9tesse et militante alg\u00e9rienne n\u00e9e en 1931 en Alg\u00e9rie. Engag\u00e9 jeune \u00e0 la Sorbonne aupr\u00e8s des c\u00f4t\u00e9s des \u00e9tudiants communistes et partisans de l\u2019ind\u00e9pendance alg\u00e9rienne comme Sid Ahmed Inal, Andr\u00e9 Beckouche, Jean-Claude Melki\u2026 elle retourne en Alg\u00e9rie apr\u00e8s le d\u00e9clenchement de la guerre de lib\u00e9ration aux c\u00f4t\u00e9s des militants du PCA et des Combattants de la Lib\u00e9ration. Arr\u00eat\u00e9e, tortur\u00e9e, elle continue d\u2019\u00e9crire en prison jusqu\u2019\u00e0 son exil \u00e0 Tunis o\u00f9 sera publi\u00e9 son premier recueil\u00a0: <em>Alg\u00e9rie, capitale Alger<\/em>. A l\u2019ind\u00e9pendance elle reprend ses \u00e9tudes \u00e0 Alger et s\u2019engage dans la lutte pour une culture populaire et r\u00e9volutionnaire et milite en faveur d\u2019une litt\u00e9rature alg\u00e9rienne plurielle. Elle meurt soudainement en 1966.<\/p>\r\n\r\n<p>&nbsp;<\/p>\r\n<p>&nbsp;<\/p>\r\n<p><iframe loading=\"lazy\" src=\"https:\/\/player.vimeo.com\/video\/253593889\" width=\"640\" height=\"360\" frameborder=\"0\" allowfullscreen=\"allowfullscreen\"><\/iframe><\/p>\r\n<p><a href=\"https:\/\/vimeo.com\/253593889\">Poetry and Anna Greki 720p<\/a> from <a href=\"https:\/\/vimeo.com\/annemurrayartist\">Anne Murray<\/a> on <a href=\"https:\/\/vimeo.com\">Vimeo<\/a>.<\/p>","protected":false},"excerpt":{"rendered":"<p>Anna Gr\u00e9ki, de son vrai nom Colette Gr\u00e9goire est une po\u00e9tesse et militante alg\u00e9rienne n\u00e9e en 1931 en Alg\u00e9rie. Engag\u00e9 jeune \u00e0 la Sorbonne aupr\u00e8s des c\u00f4t\u00e9s des \u00e9tudiants communistes et partisans de l\u2019ind\u00e9pendance alg\u00e9rienne comme Sid Ahmed Inal, Andr\u00e9 Beckouche, Jean-Claude Melki\u2026 elle retourne en Alg\u00e9rie apr\u00e8s le d\u00e9clenchement de la guerre de lib\u00e9ration [&hellip;]<\/p>\n","protected":false},"author":1,"featured_media":315,"comment_status":"closed","ping_status":"closed","sticky":false,"template":"","format":"standard","meta":{"_mi_skip_tracking":false,"_monsterinsights_sitenote_active":false,"_monsterinsights_sitenote_note":"","_monsterinsights_sitenote_category":0,"footnotes":""},"categories":[1,13],"tags":[],"class_list":["post-201","post","type-post","status-publish","format-standard","has-post-thumbnail","hentry","category-autrices-auteurs","category-poesie"],"_links":{"self":[{"href":"https:\/\/terrasses.net\/index.php\/wp-json\/wp\/v2\/posts\/201","targetHints":{"allow":["GET"]}}],"collection":[{"href":"https:\/\/terrasses.net\/index.php\/wp-json\/wp\/v2\/posts"}],"about":[{"href":"https:\/\/terrasses.net\/index.php\/wp-json\/wp\/v2\/types\/post"}],"author":[{"embeddable":true,"href":"https:\/\/terrasses.net\/index.php\/wp-json\/wp\/v2\/users\/1"}],"replies":[{"embeddable":true,"href":"https:\/\/terrasses.net\/index.php\/wp-json\/wp\/v2\/comments?post=201"}],"version-history":[{"count":3,"href":"https:\/\/terrasses.net\/index.php\/wp-json\/wp\/v2\/posts\/201\/revisions"}],"predecessor-version":[{"id":204,"href":"https:\/\/terrasses.net\/index.php\/wp-json\/wp\/v2\/posts\/201\/revisions\/204"}],"wp:featuredmedia":[{"embeddable":true,"href":"https:\/\/terrasses.net\/index.php\/wp-json\/wp\/v2\/media\/315"}],"wp:attachment":[{"href":"https:\/\/terrasses.net\/index.php\/wp-json\/wp\/v2\/media?parent=201"}],"wp:term":[{"taxonomy":"category","embeddable":true,"href":"https:\/\/terrasses.net\/index.php\/wp-json\/wp\/v2\/categories?post=201"},{"taxonomy":"post_tag","embeddable":true,"href":"https:\/\/terrasses.net\/index.php\/wp-json\/wp\/v2\/tags?post=201"}],"curies":[{"name":"wp","href":"https:\/\/api.w.org\/{rel}","templated":true}]}}