{"id":304,"date":"2020-04-08T10:41:06","date_gmt":"2020-04-08T08:41:06","guid":{"rendered":"http:\/\/terrasses.net\/?p=304"},"modified":"2025-12-07T11:28:33","modified_gmt":"2025-12-07T10:28:33","slug":"fanon-feu-de-vigie-de-la-litterature-algerienne","status":"publish","type":"post","link":"https:\/\/terrasses.net\/index.php\/2020\/04\/08\/fanon-feu-de-vigie-de-la-litterature-algerienne\/","title":{"rendered":"fanon &#8220;feu de vigie&#8221; de la litt\u00e9rature alg\u00e9rienne"},"content":{"rendered":"<p>lien de t\u00e9l\u00e9chargement ci-dessous :<\/p>\n<h2><a href=\"http:\/\/terrasses.net\/wp-content\/uploads\/2019\/10\/FR-Fanon-feu-de-vigie-print.pdf\">FR-Fanon-feu-de-vigie-print<\/a><\/h2>\n<p>&nbsp;<\/p>\n<h2 style=\"text-align: center;\"><strong>FANON<\/strong><br \/>\n<strong>\u00ab Feu de vigie \u00bb<\/strong><br \/>\n<strong>de la litt\u00e9rature alg\u00e9rienne<\/strong><\/h2>\n<p>&nbsp;<\/p>\n<p style=\"text-align: left;\">\u00ab Frantz Fanon et l\u2019Alg\u00e9rie \u00bb.<br \/>\nUn titre, mais surtout une r\u00e9alit\u00e9 que ce court catalogue veut mettre en relief \u00e0 travers des voix de la litt\u00e9rature et de la politique. Fanon est d\u00e9c\u00e9d\u00e9 en tant que citoyen alg\u00e9rien, enterr\u00e9 en terre alg\u00e9rienne en pleine guerre de lib\u00e9ration nationale. Il fut militant \u00e0 part enti\u00e8re du Front de Lib\u00e9ration Nationale tout autant qu\u2019intellectuel noir ayant th\u00e9oris\u00e9 la domination coloniale et sa r\u00e9sistance. En pr\u00e9sentant la facette alg\u00e9rienne de Fanon \u00e0 travers les \u00e9crits, r\u00e9cits et hommages d\u2019\u00e9crivains alg\u00e9riens l\u2019ayant connu, ce catalogue veut participer \u00e0 une lecture globale de la vie et de l\u2019\u0153uvre de Frantz Fanon en refusant de choisir entre une simple lecture biographique du militant, et une lecture th\u00e9orique moderne tendant \u00e0 oublier que Fanon a \u00e9crit en temps de guerre. L\u2019exp\u00e9rience v\u00e9cue de Fanon et narr\u00e9e ici \u00e0 travers les voix de trois auteurs alg\u00e9riens doit venir renforcer une compr\u00e9hension d\u2019un penseur noir, alg\u00e9rien, martiniquais, francophone ; autrement dit ayant pens\u00e9, th\u00e9oris\u00e9 et v\u00e9cu une \u00ab d\u00e9colonisation \u00e9pist\u00e9mique\u00bb.<\/p>\n<p>lien de t\u00e9l\u00e9chargement ci-dessous :<\/p>\n<h1><a href=\"http:\/\/terrasses.net\/wp-content\/uploads\/2019\/10\/FR-web-Fanon-feu-de-vigie-1.pdf\"><strong><a href=\"http:\/\/terrasses.net\/wp-content\/uploads\/2019\/10\/FR-Fanon-feu-de-vigie-print.pdf\">FR-Fanon-feu-de-vigie-print<\/a><\/strong><\/a><\/h1>\n","protected":false},"excerpt":{"rendered":"<p>lien de t\u00e9l\u00e9chargement ci-dessous : FR-Fanon-feu-de-vigie-print &nbsp; FANON \u00ab Feu de vigie \u00bb de la litt\u00e9rature alg\u00e9rienne &nbsp; \u00ab Frantz Fanon et l\u2019Alg\u00e9rie \u00bb. Un titre, mais surtout une r\u00e9alit\u00e9 que ce court catalogue veut mettre en relief \u00e0 travers des voix de la litt\u00e9rature et de la politique. Fanon est d\u00e9c\u00e9d\u00e9 en tant que [&hellip;]<\/p>\n","protected":false},"author":1,"featured_media":314,"comment_status":"open","ping_status":"open","sticky":false,"template":"","format":"standard","meta":{"_mi_skip_tracking":false,"_monsterinsights_sitenote_active":false,"_monsterinsights_sitenote_note":"","_monsterinsights_sitenote_category":0,"footnotes":""},"categories":[28],"tags":[],"class_list":["post-304","post","type-post","status-publish","format-standard","has-post-thumbnail","hentry","category-camaraderies-aller-plus-loin"],"_links":{"self":[{"href":"https:\/\/terrasses.net\/index.php\/wp-json\/wp\/v2\/posts\/304","targetHints":{"allow":["GET"]}}],"collection":[{"href":"https:\/\/terrasses.net\/index.php\/wp-json\/wp\/v2\/posts"}],"about":[{"href":"https:\/\/terrasses.net\/index.php\/wp-json\/wp\/v2\/types\/post"}],"author":[{"embeddable":true,"href":"https:\/\/terrasses.net\/index.php\/wp-json\/wp\/v2\/users\/1"}],"replies":[{"embeddable":true,"href":"https:\/\/terrasses.net\/index.php\/wp-json\/wp\/v2\/comments?post=304"}],"version-history":[{"count":11,"href":"https:\/\/terrasses.net\/index.php\/wp-json\/wp\/v2\/posts\/304\/revisions"}],"predecessor-version":[{"id":560,"href":"https:\/\/terrasses.net\/index.php\/wp-json\/wp\/v2\/posts\/304\/revisions\/560"}],"wp:featuredmedia":[{"embeddable":true,"href":"https:\/\/terrasses.net\/index.php\/wp-json\/wp\/v2\/media\/314"}],"wp:attachment":[{"href":"https:\/\/terrasses.net\/index.php\/wp-json\/wp\/v2\/media?parent=304"}],"wp:term":[{"taxonomy":"category","embeddable":true,"href":"https:\/\/terrasses.net\/index.php\/wp-json\/wp\/v2\/categories?post=304"},{"taxonomy":"post_tag","embeddable":true,"href":"https:\/\/terrasses.net\/index.php\/wp-json\/wp\/v2\/tags?post=304"}],"curies":[{"name":"wp","href":"https:\/\/api.w.org\/{rel}","templated":true}]}}