{"id":361,"date":"2019-08-14T15:11:17","date_gmt":"2019-08-14T13:11:17","guid":{"rendered":"http:\/\/terrasses.net\/?p=361"},"modified":"2025-12-07T11:33:12","modified_gmt":"2025-12-07T10:33:12","slug":"jean-pelegri","status":"publish","type":"post","link":"https:\/\/terrasses.net\/index.php\/2019\/08\/14\/jean-pelegri\/","title":{"rendered":"Jean P\u00e9l\u00e9gri"},"content":{"rendered":"<p><span id=\"cch_f3edc89285b3c06\" class=\"_mh6 _wsc\"><span class=\"_3oh- _58nk\">Jean P\u00e9l\u00e9gri est un \u00e9crivain alg\u00e9rien n\u00e9 en Alg\u00e9rie en 1920, d\u00e9c\u00e9d\u00e9 en 2003. Tr\u00e8s proche des \u00e9crivains alg\u00e9riens de graphie fran\u00e7aise tels que Mourad Bourboune, Jean S\u00e9nac ou Mohamed Dib il \u00e9crit ses \u0153uvres d\u00e8s le d\u00e9but des ann\u00e9es 1950 \u00e0 partir de la r\u00e9alit\u00e9 alg\u00e9rienne, entre son milieux d\u2019origine, des europ\u00e9ens d\u2019Alg\u00e9rie, et l\u2019Alg\u00e9rie plus vaste, celle de la r\u00e9sistance \u00e0 la colonisation pour laquelle il prend vite partie. Son \u0153uvre t\u00e9moigne de cette prise de conscience en faveur du peuple, exploit\u00e9 mais combatif, et surtout en faveur de sa terre alg\u00e9rienne, d\u00e9faite du colonialisme et qu\u2019il voulait plurielle. Son \u00e9criture, profond\u00e9ment alg\u00e9rienne, appartient \u00e0 ce laboratoire-exp\u00e9rience d\u2019une \u00ab litt\u00e9rature de relais \u00bb, au c\u0153ur des contradictions r\u00e9sultant du colonialisme, riche d\u2019une pluralit\u00e9 combative, populaire, collective. Il est notamment l\u2019auteur de Les Oliviers de la Justice qui re\u00e7oit en 1960 le Grand Prix catholique de litt\u00e9rature et du Maboul en 1963. Deux romans, inspir\u00e9s de la vie de l\u2019auteur, qui marquent l\u2019\u00e9volution de P\u00e9l\u00e9gri sur la question politique de la lutte de lib\u00e9ration nationale, de l\u2019h\u00e9ritage colonial et surtout sur la question de la litt\u00e9rature alg\u00e9rienne.<\/span><\/span><\/p>\n","protected":false},"excerpt":{"rendered":"<p>Jean P\u00e9l\u00e9gri est un \u00e9crivain alg\u00e9rien n\u00e9 en Alg\u00e9rie en 1920, d\u00e9c\u00e9d\u00e9 en 2003. Tr\u00e8s proche des \u00e9crivains alg\u00e9riens de graphie fran\u00e7aise tels que Mourad Bourboune, Jean S\u00e9nac ou Mohamed Dib il \u00e9crit ses \u0153uvres d\u00e8s le d\u00e9but des ann\u00e9es 1950 \u00e0 partir de la r\u00e9alit\u00e9 alg\u00e9rienne, entre son milieux d\u2019origine, des europ\u00e9ens d\u2019Alg\u00e9rie, et [&hellip;]<\/p>\n","protected":false},"author":1,"featured_media":367,"comment_status":"open","ping_status":"open","sticky":false,"template":"","format":"standard","meta":{"_mi_skip_tracking":false,"_monsterinsights_sitenote_active":false,"_monsterinsights_sitenote_note":"","_monsterinsights_sitenote_category":0,"footnotes":""},"categories":[1,18],"tags":[],"class_list":["post-361","post","type-post","status-publish","format-standard","has-post-thumbnail","hentry","category-autrices-auteurs","category-litterature-autrices-auteurs"],"_links":{"self":[{"href":"https:\/\/terrasses.net\/index.php\/wp-json\/wp\/v2\/posts\/361","targetHints":{"allow":["GET"]}}],"collection":[{"href":"https:\/\/terrasses.net\/index.php\/wp-json\/wp\/v2\/posts"}],"about":[{"href":"https:\/\/terrasses.net\/index.php\/wp-json\/wp\/v2\/types\/post"}],"author":[{"embeddable":true,"href":"https:\/\/terrasses.net\/index.php\/wp-json\/wp\/v2\/users\/1"}],"replies":[{"embeddable":true,"href":"https:\/\/terrasses.net\/index.php\/wp-json\/wp\/v2\/comments?post=361"}],"version-history":[{"count":3,"href":"https:\/\/terrasses.net\/index.php\/wp-json\/wp\/v2\/posts\/361\/revisions"}],"predecessor-version":[{"id":364,"href":"https:\/\/terrasses.net\/index.php\/wp-json\/wp\/v2\/posts\/361\/revisions\/364"}],"wp:featuredmedia":[{"embeddable":true,"href":"https:\/\/terrasses.net\/index.php\/wp-json\/wp\/v2\/media\/367"}],"wp:attachment":[{"href":"https:\/\/terrasses.net\/index.php\/wp-json\/wp\/v2\/media?parent=361"}],"wp:term":[{"taxonomy":"category","embeddable":true,"href":"https:\/\/terrasses.net\/index.php\/wp-json\/wp\/v2\/categories?post=361"},{"taxonomy":"post_tag","embeddable":true,"href":"https:\/\/terrasses.net\/index.php\/wp-json\/wp\/v2\/tags?post=361"}],"curies":[{"name":"wp","href":"https:\/\/api.w.org\/{rel}","templated":true}]}}