{"id":579,"date":"2021-08-04T09:40:51","date_gmt":"2021-08-04T07:40:51","guid":{"rendered":"http:\/\/terrasses.net\/?p=579"},"modified":"2025-12-07T11:18:14","modified_gmt":"2025-12-07T10:18:14","slug":"cycle-ecriture-contemporaine-et-collective-1-28-jours-de-l-bigorra","status":"publish","type":"post","link":"https:\/\/terrasses.net\/index.php\/2021\/08\/04\/cycle-ecriture-contemporaine-et-collective-1-28-jours-de-l-bigorra\/","title":{"rendered":"28 jours de L. Big\u00f2rra &#8211; prix du roman gay 2021 &#8211; en librairie"},"content":{"rendered":"<p>Ouvrage pr\u00e9fac\u00e9 collectivement.<\/p>\n<p>&nbsp;<\/p>\n<p><em>28 jours\u00a0<\/em> est le premier roman d\u2019un \u00e9crivant p\u00e9d\u00e9 fabriqu\u00e9 \u00e0 la fin des ann\u00e9es 2010 au moment o\u00f9 il prend un traitement post-exposition VIH. Ce texte explore les sexualit\u00e9s p\u00e9d\u00e9es, la question du SIda, de la vie urbaine, du sexe, de l\u2019assimilation des minorit\u00e9s dans le monde contemporain \u00e0 l\u2019\u00e8re post-sida en Occident dans un style romanesque brut, sans cesse \u00e0 la limite de la po\u00e9sie. 28 Jours ouvre un cycle d&#8217;\u00e9criture contemporaine et collective (Fatou S., L. Juniper, L. Bertrand\u2026) port\u00e9e par les \u00e9ditions Terrasses en 2021.<\/p>\n<p><em>J&#8217;ai les couilles vides et je commande une autre bi\u00e8re. Mon sperme est parti en fum\u00e9e dans le siphon des eaux us\u00e9es. C&#8217;est pas si dur de voir le monde en face. Lib\u00e9r\u00e9 de la mollesse de l&#8217;amour m\u00e9diocre, je laisse br\u00fbler le marshmallow au-dessus du feu, \u00e7a ressemble \u00e0 du plastique. J&#8217;\u00e9cris PD sur la condensation de mon verre de bi\u00e8re. Homo c&#8217;est pas un mot de passe, homo c&#8217;est pas une r\u00e9ponse toute faite. Homo c&#8217;est encul\u00e9, c&#8217;est fils de pute. Homo c&#8217;est tapette. Homo c&#8217;est jamais \u00e0 ta botte. Homo c&#8217;est les armes \u00e0 la main.<\/em><\/p>\n<p>&nbsp;<\/p>\n<form action=\"https:\/\/www.paypal.com\/cgi-bin\/webscr\" method=\"post\" target=\"_top\"><input name=\"cmd\" type=\"hidden\" value=\"_s-xclick\" \/><\/p>\n<p>Prix 8,5 euros<\/p>\n<p>ISBN : <span class=\"isbn\">9782490887064<\/span><\/p>\n<p>Achat en ligne : 8,5 euros + 4 euros de frais de port<\/p>\n<p><iframe id=\"haWidget\" style=\"width: 100%; height: 70px; border: none;\" src=\"https:\/\/www.helloasso.com\/associations\/terrasses-editions\/boutiques\/editions-terrasses\/widget-bouton\"><\/iframe><\/p>\n<\/form>\n","protected":false},"excerpt":{"rendered":"<p>Ouvrage pr\u00e9fac\u00e9 collectivement. &nbsp; 28 jours\u00a0 est le premier roman d\u2019un \u00e9crivant p\u00e9d\u00e9 fabriqu\u00e9 \u00e0 la fin des ann\u00e9es 2010 au moment o\u00f9 il prend un traitement post-exposition VIH. Ce texte explore les sexualit\u00e9s p\u00e9d\u00e9es, la question du SIda, de la vie urbaine, du sexe, de l\u2019assimilation des minorit\u00e9s dans le monde contemporain \u00e0 l\u2019\u00e8re [&hellip;]<\/p>\n","protected":false},"author":1,"featured_media":755,"comment_status":"open","ping_status":"open","sticky":false,"template":"","format":"standard","meta":{"_mi_skip_tracking":false,"_monsterinsights_sitenote_active":false,"_monsterinsights_sitenote_note":"","_monsterinsights_sitenote_category":0,"footnotes":""},"categories":[21],"tags":[],"class_list":["post-579","post","type-post","status-publish","format-standard","has-post-thumbnail","hentry","category-litterature-publi"],"_links":{"self":[{"href":"https:\/\/terrasses.net\/index.php\/wp-json\/wp\/v2\/posts\/579","targetHints":{"allow":["GET"]}}],"collection":[{"href":"https:\/\/terrasses.net\/index.php\/wp-json\/wp\/v2\/posts"}],"about":[{"href":"https:\/\/terrasses.net\/index.php\/wp-json\/wp\/v2\/types\/post"}],"author":[{"embeddable":true,"href":"https:\/\/terrasses.net\/index.php\/wp-json\/wp\/v2\/users\/1"}],"replies":[{"embeddable":true,"href":"https:\/\/terrasses.net\/index.php\/wp-json\/wp\/v2\/comments?post=579"}],"version-history":[{"count":21,"href":"https:\/\/terrasses.net\/index.php\/wp-json\/wp\/v2\/posts\/579\/revisions"}],"predecessor-version":[{"id":1025,"href":"https:\/\/terrasses.net\/index.php\/wp-json\/wp\/v2\/posts\/579\/revisions\/1025"}],"wp:featuredmedia":[{"embeddable":true,"href":"https:\/\/terrasses.net\/index.php\/wp-json\/wp\/v2\/media\/755"}],"wp:attachment":[{"href":"https:\/\/terrasses.net\/index.php\/wp-json\/wp\/v2\/media?parent=579"}],"wp:term":[{"taxonomy":"category","embeddable":true,"href":"https:\/\/terrasses.net\/index.php\/wp-json\/wp\/v2\/categories?post=579"},{"taxonomy":"post_tag","embeddable":true,"href":"https:\/\/terrasses.net\/index.php\/wp-json\/wp\/v2\/tags?post=579"}],"curies":[{"name":"wp","href":"https:\/\/api.w.org\/{rel}","templated":true}]}}