{"id":905,"date":"2025-06-05T11:57:18","date_gmt":"2025-06-05T09:57:18","guid":{"rendered":"https:\/\/terrasses.net\/?p=905"},"modified":"2025-12-07T11:10:32","modified_gmt":"2025-12-07T10:10:32","slug":"le-secret-de-lhuile-de-walid-daqqa-en-librairie-le-25-07-25","status":"publish","type":"post","link":"https:\/\/terrasses.net\/index.php\/2025\/06\/05\/le-secret-de-lhuile-de-walid-daqqa-en-librairie-le-25-07-25\/","title":{"rendered":"Le secret de l&#8217;huile de Walid Daqqa &#8212; en librairie"},"content":{"rendered":"<p><code>L'ex-prisonnier et \u00e9crivain palestinien Walid Daqqa livre ici un r\u00e9cit aux accents politiques et lib\u00e9rateurs sur l'incarc\u00e9ration, la r\u00e9sistance et la lutte pour l'\u00e9mancipation. En \u00e9cho \u00e0 sa propre vie \u2013 38 ans pass\u00e9es dans les ge\u00f4les isra\u00e9liennes \u2013 et \u00e0 son combat pour avoir un enfant malgr\u00e9 son incarc\u00e9ration, ce livre raconte la qu\u00eate d'un jeune gar\u00e7on pour rendre visite \u00e0 son p\u00e8re en prison malgr\u00e9 l'interdiction de visite. Avec l'aide d'amis animaux et d'un olivier centenaire, Joud va pouvoir d\u00e9jouer les interdits de l'occupation gr\u00e2ce \"au secret de l'huile\" et comprendre les voies de la lib\u00e9ration par l'\u00e9mancipation et le savoir. \u00c9dition bilingue fran\u00e7ais\/arabe.<\/code><\/p>\n<p>Illustrations de Ram Sallam<\/p>\n<p>pr\u00e9face de Salah Hamouri<\/p>\n<p>128 pages<\/p>\n<p>16 x 24 cm<\/p>\n<p>ISBN 9782490887170<\/p>\n<p>Prix<br \/>\n12,5\u00a0 \u20ac<\/p>\n<p><iframe id=\"haWidget\" style=\"width: 100%; height: 70px; border: none;\" src=\"https:\/\/www.helloasso.com\/associations\/terrasses-editions\/boutiques\/editions-terrasses\/widget-bouton\"><\/iframe><\/p>\n","protected":false},"excerpt":{"rendered":"<p>L&#8217;ex-prisonnier et \u00e9crivain palestinien Walid Daqqa livre ici un r\u00e9cit aux accents politiques et lib\u00e9rateurs sur l&#8217;incarc\u00e9ration, la r\u00e9sistance et la lutte pour l&#8217;\u00e9mancipation. En \u00e9cho \u00e0 sa propre vie \u2013 38 ans pass\u00e9es dans les ge\u00f4les isra\u00e9liennes \u2013 et \u00e0 son combat pour avoir un enfant malgr\u00e9 son incarc\u00e9ration, ce livre raconte la qu\u00eate [&hellip;]<\/p>\n","protected":false},"author":1,"featured_media":911,"comment_status":"open","ping_status":"open","sticky":false,"template":"","format":"standard","meta":{"_mi_skip_tracking":false,"_monsterinsights_sitenote_active":false,"_monsterinsights_sitenote_note":"","_monsterinsights_sitenote_category":0,"footnotes":""},"categories":[12,21],"tags":[],"class_list":["post-905","post","type-post","status-publish","format-standard","has-post-thumbnail","hentry","category-litterature","category-litterature-publi"],"_links":{"self":[{"href":"https:\/\/terrasses.net\/index.php\/wp-json\/wp\/v2\/posts\/905","targetHints":{"allow":["GET"]}}],"collection":[{"href":"https:\/\/terrasses.net\/index.php\/wp-json\/wp\/v2\/posts"}],"about":[{"href":"https:\/\/terrasses.net\/index.php\/wp-json\/wp\/v2\/types\/post"}],"author":[{"embeddable":true,"href":"https:\/\/terrasses.net\/index.php\/wp-json\/wp\/v2\/users\/1"}],"replies":[{"embeddable":true,"href":"https:\/\/terrasses.net\/index.php\/wp-json\/wp\/v2\/comments?post=905"}],"version-history":[{"count":17,"href":"https:\/\/terrasses.net\/index.php\/wp-json\/wp\/v2\/posts\/905\/revisions"}],"predecessor-version":[{"id":997,"href":"https:\/\/terrasses.net\/index.php\/wp-json\/wp\/v2\/posts\/905\/revisions\/997"}],"wp:featuredmedia":[{"embeddable":true,"href":"https:\/\/terrasses.net\/index.php\/wp-json\/wp\/v2\/media\/911"}],"wp:attachment":[{"href":"https:\/\/terrasses.net\/index.php\/wp-json\/wp\/v2\/media?parent=905"}],"wp:term":[{"taxonomy":"category","embeddable":true,"href":"https:\/\/terrasses.net\/index.php\/wp-json\/wp\/v2\/categories?post=905"},{"taxonomy":"post_tag","embeddable":true,"href":"https:\/\/terrasses.net\/index.php\/wp-json\/wp\/v2\/tags?post=905"}],"curies":[{"name":"wp","href":"https:\/\/api.w.org\/{rel}","templated":true}]}}